{"id":1474,"date":"2013-12-29T23:58:09","date_gmt":"2013-12-29T21:58:09","guid":{"rendered":"http:\/\/stephane.weblog.starend.org\/?p=1474"},"modified":"2013-12-29T23:58:09","modified_gmt":"2013-12-29T21:58:09","slug":"ajout-de-portraits","status":"publish","type":"post","link":"http:\/\/stephane.weblog.starend.org\/?p=1474","title":{"rendered":"Ajout de portraits"},"content":{"rendered":"<p style=\"text-align: justify;\">Ajout de quelques portraits r\u00e9alis\u00e9s en studio r\u00e9cemment. Cela faisait longtemps que l&rsquo;on en faisait pas avec Didier.<\/p>\n<p style=\"text-align: center;\"><a href=\"\/wp-content\/uploads\/stephane\/2013\/12\/2013.11.24img_0992nb.jpg\"><img decoding=\"async\" loading=\"lazy\" class=\"alignnone size-medium wp-image-1475\" alt=\"2013.11.24img_0992nb\" src=\"\/wp-content\/uploads\/stephane\/2013\/12\/2013.11.24img_0992nb-500x500.jpg\" width=\"450\" height=\"450\" \/><\/a><br \/>\n<a title=\"http:\/\/portrait.starend.org\/visuel.php?portrait=2013.11.24img_0992nb.jpg\" href=\"http:\/\/portrait.starend.org\/visuel.php?portrait=2013.11.24img_0992nb.jpg\" target=\"_blank\">http:\/\/portrait.starend.org\/visuel.php?portrait=2013.11.24img_0992nb.jpg<\/a><\/p>\n<p style=\"text-align: center;\"><a href=\"\/wp-content\/uploads\/stephane\/2013\/12\/2013.11.24img_0974nb.jpg\"><img decoding=\"async\" loading=\"lazy\" class=\"alignnone size-medium wp-image-1476\" alt=\"2013.11.24img_0974nb\" src=\"\/wp-content\/uploads\/stephane\/2013\/12\/2013.11.24img_0974nb-500x500.jpg\" width=\"450\" height=\"450\" \/><\/a><br \/>\n<a title=\"http:\/\/portrait.starend.org\/visuel.php?portrait=2013.11.24img_0974nb.jpg\" href=\"http:\/\/portrait.starend.org\/visuel.php?portrait=2013.11.24img_0974nb.jpg\" target=\"_blank\">http:\/\/portrait.starend.org\/visuel.php?portrait=2013.11.24img_0974nb.jpg<\/a><\/p>\n","protected":false},"excerpt":{"rendered":"<p>Ajout de quelques portraits r\u00e9alis\u00e9s en studio r\u00e9cemment. Cela faisait longtemps que l&rsquo;on en faisait pas avec Didier. http:\/\/portrait.starend.org\/visuel.php?portrait=2013.11.24img_0992nb.jpg http:\/\/portrait.starend.org\/visuel.php?portrait=2013.11.24img_0974nb.jpg<\/p>\n","protected":false},"author":2,"featured_media":0,"comment_status":"open","ping_status":"open","sticky":false,"template":"","format":"standard","meta":[],"categories":[19,20],"tags":[],"_links":{"self":[{"href":"http:\/\/stephane.weblog.starend.org\/index.php?rest_route=\/wp\/v2\/posts\/1474"}],"collection":[{"href":"http:\/\/stephane.weblog.starend.org\/index.php?rest_route=\/wp\/v2\/posts"}],"about":[{"href":"http:\/\/stephane.weblog.starend.org\/index.php?rest_route=\/wp\/v2\/types\/post"}],"author":[{"embeddable":true,"href":"http:\/\/stephane.weblog.starend.org\/index.php?rest_route=\/wp\/v2\/users\/2"}],"replies":[{"embeddable":true,"href":"http:\/\/stephane.weblog.starend.org\/index.php?rest_route=%2Fwp%2Fv2%2Fcomments&post=1474"}],"version-history":[{"count":0,"href":"http:\/\/stephane.weblog.starend.org\/index.php?rest_route=\/wp\/v2\/posts\/1474\/revisions"}],"wp:attachment":[{"href":"http:\/\/stephane.weblog.starend.org\/index.php?rest_route=%2Fwp%2Fv2%2Fmedia&parent=1474"}],"wp:term":[{"taxonomy":"category","embeddable":true,"href":"http:\/\/stephane.weblog.starend.org\/index.php?rest_route=%2Fwp%2Fv2%2Fcategories&post=1474"},{"taxonomy":"post_tag","embeddable":true,"href":"http:\/\/stephane.weblog.starend.org\/index.php?rest_route=%2Fwp%2Fv2%2Ftags&post=1474"}],"curies":[{"name":"wp","href":"https:\/\/api.w.org\/{rel}","templated":true}]}}