{"id":1429,"date":"2013-11-11T00:20:00","date_gmt":"2013-11-10T22:20:00","guid":{"rendered":"http:\/\/stephane.weblog.starend.org\/?p=1429"},"modified":"2013-11-11T00:20:00","modified_gmt":"2013-11-10T22:20:00","slug":"ajout-de-photos-12","status":"publish","type":"post","link":"http:\/\/stephane.weblog.starend.org\/?p=1429","title":{"rendered":"Ajout de photos"},"content":{"rendered":"<p style=\"text-align: justify;\">De nouvelles photographies ont \u00e9t\u00e9 ajout\u00e9es aujourd&rsquo;hui. Les quatre ont \u00e9t\u00e9 r\u00e9alis\u00e9es en Colombie :<br \/>\n&#8211; <a title=\"L'entaille\" href=\"http:\/\/photo.starend.org\/photo.php?class=Paysage&amp;photo=2013.09.25img_9648co\" target=\"_blank\">photo.starend.org 2013.09.25img_9648co<\/a><br \/>\n&#8211; <a title=\"Lac sacr\u00e9\" href=\"http:\/\/photo.starend.org\/photo.php?class=Paysage&amp;photo=2013.09.25img_9650panoco\" target=\"_blank\">photo.starend.org 2013.09.25img_9650panoco<\/a><br \/>\n&#8211; <a title=\"Boyac\u00e1\" href=\"http:\/\/photo.starend.org\/photo.php?class=Paysage&amp;photo=2013.09.28img_9856co\" target=\"_blank\">photo.starend.org 2013.09.28img_9856co<\/a><br \/>\n&#8211; <a title=\"M\u00e9duse a\u00e9rienne\" href=\"http:\/\/photo.starend.org\/photo.php?class=Aeronautique&amp;photo=2013.09.28img_9847co\" target=\"_blank\">photo.starend.org 2013.09.28img_9847co<\/a><\/p>\n<p style=\"text-align: center;\"><a href=\"\/wp-content\/uploads\/stephane\/2013\/11\/img.1024x1024.jpg\"><img decoding=\"async\" loading=\"lazy\" class=\"alignnone size-medium wp-image-1430\" alt=\"_img.1024x1024\" src=\"\/wp-content\/uploads\/stephane\/2013\/11\/img.1024x1024-150x300.jpg\" width=\"150\" height=\"300\" \/><\/a><\/p>\n<p style=\"text-align: center;\"><a href=\"\/wp-content\/uploads\/stephane\/2013\/11\/img.1024x10241.jpg\"><img decoding=\"async\" loading=\"lazy\" class=\"alignnone size-medium wp-image-1431\" alt=\"_img.1024x1024\" src=\"\/wp-content\/uploads\/stephane\/2013\/11\/img.1024x10241-300x99.jpg\" width=\"300\" height=\"99\" \/><\/a><\/p>\n<p style=\"text-align: center;\"><a href=\"\/wp-content\/uploads\/stephane\/2013\/11\/img.1024x10242.jpg\"><img decoding=\"async\" loading=\"lazy\" class=\"alignnone size-medium wp-image-1432\" alt=\"_img.1024x1024\" src=\"\/wp-content\/uploads\/stephane\/2013\/11\/img.1024x10242-300x300.jpg\" width=\"300\" height=\"300\" \/><\/a><\/p>\n<p style=\"text-align: center;\"><a href=\"\/wp-content\/uploads\/stephane\/2013\/11\/img.1024x10243.jpg\"><img decoding=\"async\" loading=\"lazy\" class=\"alignnone size-medium wp-image-1433\" alt=\"_img.1024x1024\" src=\"\/wp-content\/uploads\/stephane\/2013\/11\/img.1024x10243-300x99.jpg\" width=\"300\" height=\"99\" \/><\/a><\/p>\n<p style=\"text-align: justify;\">Ces m\u00eames photos sont aussi sur le site web <a title=\"Colombia es Pasi\u00f3n\" href=\"http:\/\/colombiaespasion.co\/\" target=\"_blank\">Colombia es Pasion<\/a> :<br \/>\n&#8211; <a title=\"El boquete\" href=\"http:\/\/colombiaespasion.co\/?mod=p&amp;foto=2013.09.25img_9648co\" target=\"_blank\">colombiaespasion.co 2013.09.25img_9648co<\/a><br \/>\n&#8211; <a title=\"laguna sagrada\" href=\"http:\/\/colombiaespasion.co\/?mod=p&amp;foto=2013.09.25img_9650panoco\" target=\"_blank\">colombiaespasion.co 2013.09.25img_9650panoco<\/a><br \/>\n&#8211; <a title=\"Medusa de aire\" href=\"http:\/\/colombiaespasion.co\/?mod=p&amp;foto=2013.09.28img_9847co\" target=\"_blank\">colombiaespasion.co 2013.09.28img_9847co<\/a><br \/>\n&#8211; <a title=\"Boyac\u00e1\" href=\"http:\/\/colombiaespasion.co\/?mod=p&amp;foto=2013.09.28img_9856co\" target=\"_blank\">colombiaespasion.co 2013.09.28img_9856co<\/a><\/p>\n","protected":false},"excerpt":{"rendered":"<p>De nouvelles photographies ont \u00e9t\u00e9 ajout\u00e9es aujourd&rsquo;hui. Les quatre ont \u00e9t\u00e9 r\u00e9alis\u00e9es en Colombie : &#8211; photo.starend.org 2013.09.25img_9648co &#8211; photo.starend.org 2013.09.25img_9650panoco &#8211; photo.starend.org 2013.09.28img_9856co &#8211; photo.starend.org 2013.09.28img_9847co Ces m\u00eames photos sont aussi sur le site web Colombia es Pasion : &#8211; colombiaespasion.co 2013.09.25img_9648co &#8211; colombiaespasion.co 2013.09.25img_9650panoco &#8211; colombiaespasion.co 2013.09.28img_9847co &#8211; colombiaespasion.co 2013.09.28img_9856co<\/p>\n","protected":false},"author":2,"featured_media":0,"comment_status":"open","ping_status":"open","sticky":false,"template":"","format":"standard","meta":[],"categories":[35,40,53,19],"tags":[],"_links":{"self":[{"href":"http:\/\/stephane.weblog.starend.org\/index.php?rest_route=\/wp\/v2\/posts\/1429"}],"collection":[{"href":"http:\/\/stephane.weblog.starend.org\/index.php?rest_route=\/wp\/v2\/posts"}],"about":[{"href":"http:\/\/stephane.weblog.starend.org\/index.php?rest_route=\/wp\/v2\/types\/post"}],"author":[{"embeddable":true,"href":"http:\/\/stephane.weblog.starend.org\/index.php?rest_route=\/wp\/v2\/users\/2"}],"replies":[{"embeddable":true,"href":"http:\/\/stephane.weblog.starend.org\/index.php?rest_route=%2Fwp%2Fv2%2Fcomments&post=1429"}],"version-history":[{"count":0,"href":"http:\/\/stephane.weblog.starend.org\/index.php?rest_route=\/wp\/v2\/posts\/1429\/revisions"}],"wp:attachment":[{"href":"http:\/\/stephane.weblog.starend.org\/index.php?rest_route=%2Fwp%2Fv2%2Fmedia&parent=1429"}],"wp:term":[{"taxonomy":"category","embeddable":true,"href":"http:\/\/stephane.weblog.starend.org\/index.php?rest_route=%2Fwp%2Fv2%2Fcategories&post=1429"},{"taxonomy":"post_tag","embeddable":true,"href":"http:\/\/stephane.weblog.starend.org\/index.php?rest_route=%2Fwp%2Fv2%2Ftags&post=1429"}],"curies":[{"name":"wp","href":"https:\/\/api.w.org\/{rel}","templated":true}]}}