{"id":140,"date":"2011-03-08T08:07:31","date_gmt":"2011-03-08T06:07:31","guid":{"rendered":"http:\/\/stephane.weblog.starend.org\/?p=140"},"modified":"2011-03-08T08:07:31","modified_gmt":"2011-03-08T06:07:31","slug":"07032011-villapinzon","status":"publish","type":"post","link":"http:\/\/stephane.weblog.starend.org\/?p=140","title":{"rendered":"07\/03\/2011 Villapinzon"},"content":{"rendered":"<p>Ce matin, on va rendre visite \u00e0 la m\u00e8re de Diana \u00e0 son \u00e9cole.<\/p>\n<p>Cet apr\u00e8s midi, on va se balader dans Villapinzon.<br \/>\nOn longe notamment l&rsquo;ancienne voie ferr\u00e9e d\u00e9saffect\u00e9e jusqu&rsquo;\u00e0 la nouvelle m\u00e9diath\u00e8que.<!--more--><\/p>\n<p style=\"text-align: center;\"><a href=\"http:\/\/stephane.weblog.starend.org\/wp-uploads\/stephane\/2011\/03\/colombie_img2837.jpg\"><img decoding=\"async\" loading=\"lazy\" class=\"alignnone size-medium wp-image-141\" title=\"colombie_img2837\" src=\"http:\/\/stephane.weblog.starend.org\/wp-uploads\/stephane\/2011\/03\/colombie_img2837-300x199.jpg\" alt=\"\" width=\"300\" height=\"199\" \/><\/a><br \/>\nA l&rsquo;\u00e9cole publique de la ville.<\/p>\n<p style=\"text-align: center;\"><a href=\"http:\/\/stephane.weblog.starend.org\/wp-uploads\/stephane\/2011\/03\/colombie_img2839.jpg\"><img decoding=\"async\" loading=\"lazy\" class=\"alignnone size-medium wp-image-142\" title=\"colombie_img2839\" src=\"http:\/\/stephane.weblog.starend.org\/wp-uploads\/stephane\/2011\/03\/colombie_img2839-300x199.jpg\" alt=\"\" width=\"300\" height=\"199\" \/><\/a><\/p>\n<p style=\"text-align: center;\"><a href=\"http:\/\/stephane.weblog.starend.org\/wp-uploads\/stephane\/2011\/03\/colombie_img2841.jpg\"><img decoding=\"async\" loading=\"lazy\" class=\"alignnone size-medium wp-image-143\" title=\"colombie_img2841\" src=\"http:\/\/stephane.weblog.starend.org\/wp-uploads\/stephane\/2011\/03\/colombie_img2841-199x300.jpg\" alt=\"\" width=\"199\" height=\"300\" \/><\/a><\/p>\n<p style=\"text-align: center;\"><a href=\"http:\/\/stephane.weblog.starend.org\/wp-uploads\/stephane\/2011\/03\/colombie_img2844.jpg\"><img decoding=\"async\" loading=\"lazy\" class=\"alignnone size-medium wp-image-144\" title=\"colombie_img2844\" src=\"http:\/\/stephane.weblog.starend.org\/wp-uploads\/stephane\/2011\/03\/colombie_img2844-300x199.jpg\" alt=\"\" width=\"300\" height=\"199\" \/><\/a><br \/>\nDes moutons sur la voie ferr\u00e9e. Ils ont r\u00e9ussi \u00e0 se lib\u00e9rer&#8230;<\/p>\n<p style=\"text-align: center;\"><a href=\"http:\/\/stephane.weblog.starend.org\/wp-uploads\/stephane\/2011\/03\/colombie_img2846.jpg\"><img decoding=\"async\" loading=\"lazy\" class=\"alignnone size-medium wp-image-145\" title=\"colombie_img2846\" src=\"http:\/\/stephane.weblog.starend.org\/wp-uploads\/stephane\/2011\/03\/colombie_img2846-300x199.jpg\" alt=\"\" width=\"300\" height=\"199\" \/><\/a><\/p>\n<p style=\"text-align: center;\"><a href=\"http:\/\/stephane.weblog.starend.org\/wp-uploads\/stephane\/2011\/03\/colombie_img2849.jpg\"><img decoding=\"async\" loading=\"lazy\" class=\"alignnone size-medium wp-image-146\" title=\"colombie_img2849\" src=\"http:\/\/stephane.weblog.starend.org\/wp-uploads\/stephane\/2011\/03\/colombie_img2849-300x199.jpg\" alt=\"\" width=\"300\" height=\"199\" \/><\/a><br \/>\nL&rsquo;ancienne gare.<\/p>\n<p style=\"text-align: center;\"><a href=\"http:\/\/stephane.weblog.starend.org\/wp-uploads\/stephane\/2011\/03\/colombie_img2851.jpg\"><img decoding=\"async\" loading=\"lazy\" class=\"alignnone size-medium wp-image-147\" title=\"colombie_img2851\" src=\"http:\/\/stephane.weblog.starend.org\/wp-uploads\/stephane\/2011\/03\/colombie_img2851-300x199.jpg\" alt=\"\" width=\"300\" height=\"199\" \/><\/a><\/p>\n<p style=\"text-align: center;\"><a href=\"http:\/\/stephane.weblog.starend.org\/wp-uploads\/stephane\/2011\/03\/colombie_img2854.jpg\"><img decoding=\"async\" loading=\"lazy\" class=\"alignnone size-medium wp-image-148\" title=\"colombie_img2854\" src=\"http:\/\/stephane.weblog.starend.org\/wp-uploads\/stephane\/2011\/03\/colombie_img2854-199x300.jpg\" alt=\"\" width=\"199\" height=\"300\" \/><\/a><br \/>\nL&rsquo;\u00e9glise de la place principale.<\/p>\n<p style=\"text-align: center;\"><a href=\"http:\/\/stephane.weblog.starend.org\/wp-uploads\/stephane\/2011\/03\/colombie_img2855.jpg\"><img decoding=\"async\" loading=\"lazy\" class=\"alignnone size-medium wp-image-149\" title=\"colombie_img2855\" src=\"http:\/\/stephane.weblog.starend.org\/wp-uploads\/stephane\/2011\/03\/colombie_img2855-300x199.jpg\" alt=\"\" width=\"300\" height=\"199\" \/><\/a><br \/>\nUn marchand d&rsquo;\u00c5\u201cufs.<\/p>\n<p style=\"text-align: center;\"><a href=\"http:\/\/stephane.weblog.starend.org\/wp-uploads\/stephane\/2011\/03\/colombie_img2857.jpg\"><img decoding=\"async\" loading=\"lazy\" class=\"alignnone size-medium wp-image-150\" title=\"colombie_img2857\" src=\"http:\/\/stephane.weblog.starend.org\/wp-uploads\/stephane\/2011\/03\/colombie_img2857-300x199.jpg\" alt=\"\" width=\"300\" height=\"199\" \/><\/a><\/p>\n","protected":false},"excerpt":{"rendered":"<p>Ce matin, on va rendre visite \u00e0 la m\u00e8re de Diana \u00e0 son \u00e9cole. Cet apr\u00e8s midi, on va se balader dans Villapinzon. On longe notamment l&rsquo;ancienne voie ferr\u00e9e d\u00e9saffect\u00e9e jusqu&rsquo;\u00e0 la nouvelle m\u00e9diath\u00e8que.<\/p>\n","protected":false},"author":2,"featured_media":0,"comment_status":"open","ping_status":"open","sticky":false,"template":"","format":"standard","meta":[],"categories":[40,28],"tags":[407],"_links":{"self":[{"href":"http:\/\/stephane.weblog.starend.org\/index.php?rest_route=\/wp\/v2\/posts\/140"}],"collection":[{"href":"http:\/\/stephane.weblog.starend.org\/index.php?rest_route=\/wp\/v2\/posts"}],"about":[{"href":"http:\/\/stephane.weblog.starend.org\/index.php?rest_route=\/wp\/v2\/types\/post"}],"author":[{"embeddable":true,"href":"http:\/\/stephane.weblog.starend.org\/index.php?rest_route=\/wp\/v2\/users\/2"}],"replies":[{"embeddable":true,"href":"http:\/\/stephane.weblog.starend.org\/index.php?rest_route=%2Fwp%2Fv2%2Fcomments&post=140"}],"version-history":[{"count":0,"href":"http:\/\/stephane.weblog.starend.org\/index.php?rest_route=\/wp\/v2\/posts\/140\/revisions"}],"wp:attachment":[{"href":"http:\/\/stephane.weblog.starend.org\/index.php?rest_route=%2Fwp%2Fv2%2Fmedia&parent=140"}],"wp:term":[{"taxonomy":"category","embeddable":true,"href":"http:\/\/stephane.weblog.starend.org\/index.php?rest_route=%2Fwp%2Fv2%2Fcategories&post=140"},{"taxonomy":"post_tag","embeddable":true,"href":"http:\/\/stephane.weblog.starend.org\/index.php?rest_route=%2Fwp%2Fv2%2Ftags&post=140"}],"curies":[{"name":"wp","href":"https:\/\/api.w.org\/{rel}","templated":true}]}}