{"id":1365,"date":"2013-10-18T15:14:53","date_gmt":"2013-10-18T13:14:53","guid":{"rendered":"http:\/\/stephane.weblog.starend.org\/?p=1365"},"modified":"2013-10-18T15:14:53","modified_gmt":"2013-10-18T13:14:53","slug":"colombia-es-pasion","status":"publish","type":"post","link":"http:\/\/stephane.weblog.starend.org\/?p=1365","title":{"rendered":"Colombia es Pasi\u00f3n"},"content":{"rendered":"<p style=\"text-align: justify;\">Je lance officiellement un nouveau site web <a title=\"Colombia es Pasi\u00f3n\" href=\"http:\/\/www.colombiaespasion.co\/?mod=i\" target=\"_blank\">www.colombiaespasion.co<\/a> :<\/p>\n<p style=\"text-align: center;\"><a title=\"Colombia es Pasi\u00f3n\" href=\"http:\/\/www.colombiaespasion.co\/?mod=i\" target=\"_blank\"><img decoding=\"async\" loading=\"lazy\" class=\"alignnone size-full wp-image-1366\" alt=\"cep_logo_h\" src=\"\/wp-content\/uploads\/stephane\/2013\/10\/cep_logo_h.png\" width=\"360\" height=\"50\" \/><\/a><br \/>\n<a title=\"Notas\" href=\"http:\/\/www.colombiaespasion.co\/?mod=n&amp;nota=index\" target=\"_blank\"><img decoding=\"async\" loading=\"lazy\" class=\"alignnone size-full wp-image-1369\" alt=\"cep_yel_unsel\" src=\"\/wp-content\/uploads\/stephane\/2013\/10\/cep_yel_unsel.png\" width=\"100\" height=\"100\" \/><\/a> \u00c2\u00a0\u00c2\u00a0\u00c2\u00a0<a title=\"Fotos\" href=\"http:\/\/www.colombiaespasion.co\/?mod=p&amp;foto=index\" target=\"_blank\"><img decoding=\"async\" loading=\"lazy\" class=\"alignnone size-full wp-image-1367\" alt=\"cep_blu_unsel\" src=\"\/wp-content\/uploads\/stephane\/2013\/10\/cep_blu_unsel.png\" width=\"100\" height=\"100\" \/><\/a>\u00c2\u00a0\u00c2\u00a0\u00c2\u00a0 <a title=\"Acerca de\" href=\"http:\/\/www.colombiaespasion.co\/?mod=o\" target=\"_blank\"><img decoding=\"async\" loading=\"lazy\" class=\"alignnone size-full wp-image-1368\" alt=\"cep_red_unsel\" src=\"\/wp-content\/uploads\/stephane\/2013\/10\/cep_red_unsel.png\" width=\"100\" height=\"100\" \/><\/a><br \/>\n<strong>Colombia es Pasi\u00f3n<\/strong><br \/>\n<em>Cuaderno de Viaje<\/em><\/p>\n<p style=\"text-align: justify;\">J&rsquo;\u00e9tais par hasard tomb\u00e9 sur ce nom de domaine libre. Il faut savoir que c&rsquo;est l&rsquo;ancienne marque pays, une fa\u00e7on de faire de la promotion pour am\u00e9liorer l&rsquo;image du pays (la Colombie) \u00e0 l&rsquo;\u00e9tranger. Cette premi\u00e8re marque pays est d\u00e9laiss\u00e9e depuis 2011 pour une autre marque pays moins pol\u00e9mique :\u00c2\u00a0<em>La Respuesta es Colombia<\/em> (<a title=\"La Respuesta es Colombia\" href=\"http:\/\/www.colombia.co\/\" target=\"_blank\">http:\/\/www.colombia.co\/<\/a>)<br \/>\nPartout dans le pays, on trouve encore des traces de cette premi\u00e8re marque pays et de son logo facilement reconnaissable, y compris par exemple sur les b\u00e2ches d&rsquo;une grande quantit\u00e9 de camions de marchandises :<\/p>\n<p style=\"text-align: center;\"><a href=\"\/wp-content\/uploads\/stephane\/2013\/10\/logo.colombiaespasion.co_.png\"><img decoding=\"async\" loading=\"lazy\" class=\"alignnone size-full wp-image-1370\" alt=\"logo.colombiaespasion.co\" src=\"\/wp-content\/uploads\/stephane\/2013\/10\/logo.colombiaespasion.co_.png\" width=\"256\" height=\"256\" srcset=\"\/wp-content\/uploads\/stephane\/2013\/10\/logo.colombiaespasion.co_.png 256w, \/wp-content\/uploads\/stephane\/2013\/10\/logo.colombiaespasion.co_-150x150.png 150w\" sizes=\"(max-width: 256px) 100vw, 256px\" \/><\/a><\/p>\n<p style=\"text-align: justify;\">D&rsquo;un c\u00f4t\u00e9, l&rsquo;occasion est inesp\u00e9r\u00e9e. Il suffit de rechercher un nom de domaine int\u00e9ressant et libre pour voir \u00e0 quel point l&rsquo;univers de l&rsquo;Internet est vaste et peupl\u00e9 (de sites web), et plus encore \u00e0 quel point le <em>cyber-squatage<\/em> est r\u00e9pandu. Bref, si un nom de domaine int\u00e9ressant n&rsquo;est pas d\u00e9j\u00e0 utilis\u00e9 par quelqu&rsquo;un, il est squatt\u00e9 par quelqu&rsquo;un d&rsquo;autre qui cherche ouvertement \u00e0 le vendre (parfois \u00e0 prix d&rsquo;or).<br \/>\nD&rsquo;un autre c\u00f4t\u00e9, cette marque pays \u00e9tant encore tr\u00e8s connue et utilis\u00e9e (dans la vie de tout les jours), il me fallait proposer un contenu en accord avec la perception qu&rsquo;en attendent les Colombiens. Et je ne peux pas faire un site web parlant au nom du gouvernement Colombien.<\/p>\n<p style=\"text-align: justify;\">Ce site web est donc une vision personnelle de la Colombie. Une vision trait\u00e9e sous la forme d&rsquo;un carnet de voyage avec des notes et une s\u00e9lection de photographies.<\/p>\n<p style=\"text-align: justify;\">Plus tard, ce site web sera <em>n\u00e9bulis\u00e9<\/em>. C&rsquo;est \u00e0 dire que son contenu sera enti\u00e8rement pilot\u00e9 par des objets et des liens int\u00e9gr\u00e9s \u00e0 l&rsquo;univers <a title=\"nebule\" href=\"http:\/\/blog.nebule.org\/\" target=\"_blank\">nebule<\/a>&#8230;<\/p>\n","protected":false},"excerpt":{"rendered":"<p>Je lance officiellement un nouveau site web www.colombiaespasion.co : \u00c2\u00a0\u00c2\u00a0\u00c2\u00a0\u00c2\u00a0\u00c2\u00a0\u00c2\u00a0 Colombia es Pasi\u00f3n Cuaderno de Viaje J&rsquo;\u00e9tais par hasard tomb\u00e9 sur ce nom de domaine libre. Il faut savoir que c&rsquo;est l&rsquo;ancienne marque pays, une fa\u00e7on de faire de la promotion pour am\u00e9liorer l&rsquo;image du pays (la Colombie) \u00e0 l&rsquo;\u00e9tranger. Cette premi\u00e8re marque pays est &hellip; <a href=\"http:\/\/stephane.weblog.starend.org\/?p=1365\" class=\"more-link\">Continuer la lecture de <span class=\"screen-reader-text\">Colombia es Pasi\u00f3n<\/span> <span class=\"meta-nav\">&rarr;<\/span><\/a><\/p>\n","protected":false},"author":2,"featured_media":0,"comment_status":"open","ping_status":"open","sticky":false,"template":"","format":"standard","meta":[],"categories":[40,15,28],"tags":[],"_links":{"self":[{"href":"http:\/\/stephane.weblog.starend.org\/index.php?rest_route=\/wp\/v2\/posts\/1365"}],"collection":[{"href":"http:\/\/stephane.weblog.starend.org\/index.php?rest_route=\/wp\/v2\/posts"}],"about":[{"href":"http:\/\/stephane.weblog.starend.org\/index.php?rest_route=\/wp\/v2\/types\/post"}],"author":[{"embeddable":true,"href":"http:\/\/stephane.weblog.starend.org\/index.php?rest_route=\/wp\/v2\/users\/2"}],"replies":[{"embeddable":true,"href":"http:\/\/stephane.weblog.starend.org\/index.php?rest_route=%2Fwp%2Fv2%2Fcomments&post=1365"}],"version-history":[{"count":0,"href":"http:\/\/stephane.weblog.starend.org\/index.php?rest_route=\/wp\/v2\/posts\/1365\/revisions"}],"wp:attachment":[{"href":"http:\/\/stephane.weblog.starend.org\/index.php?rest_route=%2Fwp%2Fv2%2Fmedia&parent=1365"}],"wp:term":[{"taxonomy":"category","embeddable":true,"href":"http:\/\/stephane.weblog.starend.org\/index.php?rest_route=%2Fwp%2Fv2%2Fcategories&post=1365"},{"taxonomy":"post_tag","embeddable":true,"href":"http:\/\/stephane.weblog.starend.org\/index.php?rest_route=%2Fwp%2Fv2%2Ftags&post=1365"}],"curies":[{"name":"wp","href":"https:\/\/api.w.org\/{rel}","templated":true}]}}