{"id":1303,"date":"2013-09-29T01:59:56","date_gmt":"2013-09-28T23:59:56","guid":{"rendered":"http:\/\/stephane.weblog.starend.org\/?p=1303"},"modified":"2013-09-29T01:59:56","modified_gmt":"2013-09-28T23:59:56","slug":"balade-a-boyaca","status":"publish","type":"post","link":"http:\/\/stephane.weblog.starend.org\/?p=1303","title":{"rendered":"Balade \u00e0 Boyac\u00e1"},"content":{"rendered":"<p>Aujourd&rsquo;hui, balade au soleil \u00e0 Boyac\u00e1. On s&rsquo;arr\u00eate d&rsquo;abord au m\u00e9morial de la bataille de Boyac\u00e1.<br \/>\nPuis on descend manger dans un village 800m (de d\u00e9nivel\u00e9) plus bas.<\/p>\n<p><a href=\"\/wp-content\/uploads\/stephane\/2013\/09\/wpid-IMG_9835_11.jpg\"><img decoding=\"async\" title=\"IMG_9835_1.jpg\" class=\"alignnone size-full\" alt=\"image\" src=\"\/wp-content\/uploads\/stephane\/2013\/09\/wpid-IMG_9835_11.jpg\" \/><\/a><\/p>\n<p><a href=\"\/wp-content\/uploads\/stephane\/2013\/09\/wpid-IMG_9825_1.jpg\"><img decoding=\"async\" title=\"IMG_9825_1.jpg\" class=\"alignnone size-full\" alt=\"image\" src=\"\/wp-content\/uploads\/stephane\/2013\/09\/wpid-IMG_9825_1.jpg\" \/><\/a><\/p>\n<p><a href=\"\/wp-content\/uploads\/stephane\/2013\/09\/wpid-IMG_9842_11.jpg\"><img decoding=\"async\" title=\"IMG_9842_1.jpg\" class=\"alignnone size-full\" alt=\"image\" src=\"\/wp-content\/uploads\/stephane\/2013\/09\/wpid-IMG_9842_11.jpg\" \/><\/a><\/p>\n<p><a href=\"\/wp-content\/uploads\/stephane\/2013\/09\/wpid-IMG_9848_21.jpg\"><img decoding=\"async\" title=\"IMG_9848_2.jpg\" class=\"alignnone size-full\" alt=\"image\" src=\"\/wp-content\/uploads\/stephane\/2013\/09\/wpid-IMG_9848_21.jpg\" \/><\/a><\/p>\n<p><a href=\"\/wp-content\/uploads\/stephane\/2013\/09\/wpid-IMG_9856_11.jpg\"><img decoding=\"async\" title=\"IMG_9856_1.jpg\" class=\"alignnone size-full\" alt=\"image\" src=\"\/wp-content\/uploads\/stephane\/2013\/09\/wpid-IMG_9856_11.jpg\" \/><\/a><\/p>\n","protected":false},"excerpt":{"rendered":"<p>Aujourd&rsquo;hui, balade au soleil \u00e0 Boyac\u00e1. On s&rsquo;arr\u00eate d&rsquo;abord au m\u00e9morial de la bataille de Boyac\u00e1. Puis on descend manger dans un village 800m (de d\u00e9nivel\u00e9) plus bas.<\/p>\n","protected":false},"author":2,"featured_media":0,"comment_status":"open","ping_status":"open","sticky":false,"template":"","format":"standard","meta":[],"categories":[40,28],"tags":[],"_links":{"self":[{"href":"http:\/\/stephane.weblog.starend.org\/index.php?rest_route=\/wp\/v2\/posts\/1303"}],"collection":[{"href":"http:\/\/stephane.weblog.starend.org\/index.php?rest_route=\/wp\/v2\/posts"}],"about":[{"href":"http:\/\/stephane.weblog.starend.org\/index.php?rest_route=\/wp\/v2\/types\/post"}],"author":[{"embeddable":true,"href":"http:\/\/stephane.weblog.starend.org\/index.php?rest_route=\/wp\/v2\/users\/2"}],"replies":[{"embeddable":true,"href":"http:\/\/stephane.weblog.starend.org\/index.php?rest_route=%2Fwp%2Fv2%2Fcomments&post=1303"}],"version-history":[{"count":0,"href":"http:\/\/stephane.weblog.starend.org\/index.php?rest_route=\/wp\/v2\/posts\/1303\/revisions"}],"wp:attachment":[{"href":"http:\/\/stephane.weblog.starend.org\/index.php?rest_route=%2Fwp%2Fv2%2Fmedia&parent=1303"}],"wp:term":[{"taxonomy":"category","embeddable":true,"href":"http:\/\/stephane.weblog.starend.org\/index.php?rest_route=%2Fwp%2Fv2%2Fcategories&post=1303"},{"taxonomy":"post_tag","embeddable":true,"href":"http:\/\/stephane.weblog.starend.org\/index.php?rest_route=%2Fwp%2Fv2%2Ftags&post=1303"}],"curies":[{"name":"wp","href":"https:\/\/api.w.org\/{rel}","templated":true}]}}