{"id":129,"date":"2011-03-08T07:49:07","date_gmt":"2011-03-08T05:49:07","guid":{"rendered":"http:\/\/stephane.weblog.starend.org\/?p=129"},"modified":"2011-03-08T07:49:07","modified_gmt":"2011-03-08T05:49:07","slug":"06032011-villapinzon-et-alentours","status":"publish","type":"post","link":"http:\/\/stephane.weblog.starend.org\/?p=129","title":{"rendered":"06\/03\/2011 Villapinzon et alentours"},"content":{"rendered":"<p>Aujourd&rsquo;hui, nous allons voir des amis de la famille.<br \/>\nIls tiennent une ferme bio qu&rsquo;ils ont du mal \u00e0 rentabiliser.<br \/>\nOn passe par le march\u00e9 de Villapinzon pour voir.<\/p>\n<p>On se balade sur la colline derri\u00e8re la ferme.<br \/>\nLe ciel est assez couvert. Difficile pour les photos mais c&rsquo;est l&rsquo;occasion de sortir l&rsquo;ultra grand angle :-)<br \/>\nLes paysages ressemblent un peu \u00e0 l&rsquo;avant pays Savoyard&#8230; mais on est \u00e0 3000m d&rsquo;altitude !<\/p>\n<p>On a \u00e9t\u00e9 tr\u00e8s bien accueillis et on nous a offert des fruits s\u00e9ch\u00e9s bio pour partir.<!--more--><\/p>\n<p style=\"text-align: center;\"><a href=\"http:\/\/stephane.weblog.starend.org\/wp-uploads\/stephane\/2011\/03\/colombie_img2723.jpg\"><img decoding=\"async\" loading=\"lazy\" class=\"alignnone size-medium wp-image-130\" title=\"colombie_img2723\" src=\"http:\/\/stephane.weblog.starend.org\/wp-uploads\/stephane\/2011\/03\/colombie_img2723-300x199.jpg\" alt=\"\" width=\"300\" height=\"199\" \/><\/a><br \/>\n<a href=\"http:\/\/stephane.weblog.starend.org\/wp-uploads\/stephane\/2011\/03\/colombie_img2725.jpg\"><img decoding=\"async\" loading=\"lazy\" class=\"alignnone size-medium wp-image-131\" title=\"colombie_img2725\" src=\"http:\/\/stephane.weblog.starend.org\/wp-uploads\/stephane\/2011\/03\/colombie_img2725-300x199.jpg\" alt=\"\" width=\"300\" height=\"199\" \/><\/a><br \/>\nMarch\u00e9 de Villapinzon.<\/p>\n<p style=\"text-align: center;\"><a href=\"http:\/\/stephane.weblog.starend.org\/wp-uploads\/stephane\/2011\/03\/colombie_img2729.jpg\"><img decoding=\"async\" loading=\"lazy\" class=\"alignnone size-medium wp-image-132\" title=\"colombie_img2729\" src=\"http:\/\/stephane.weblog.starend.org\/wp-uploads\/stephane\/2011\/03\/colombie_img2729-300x199.jpg\" alt=\"\" width=\"300\" height=\"199\" \/><\/a><br \/>\nVillapinzon<\/p>\n<p style=\"text-align: center;\"><a href=\"http:\/\/stephane.weblog.starend.org\/wp-uploads\/stephane\/2011\/03\/colombie_img2754.jpg\"><img decoding=\"async\" loading=\"lazy\" class=\"alignnone size-medium wp-image-133\" title=\"colombie_img2754\" src=\"http:\/\/stephane.weblog.starend.org\/wp-uploads\/stephane\/2011\/03\/colombie_img2754-300x199.jpg\" alt=\"\" width=\"300\" height=\"199\" \/><\/a><\/p>\n<p style=\"text-align: center;\"><a href=\"http:\/\/stephane.weblog.starend.org\/wp-uploads\/stephane\/2011\/03\/colombie_img2759.jpg\"><img decoding=\"async\" loading=\"lazy\" class=\"alignnone size-medium wp-image-134\" title=\"colombie_img2759\" src=\"http:\/\/stephane.weblog.starend.org\/wp-uploads\/stephane\/2011\/03\/colombie_img2759-300x199.jpg\" alt=\"\" width=\"300\" height=\"199\" \/><\/a><br \/>\nLa voiture de campagne des parents de Diana.<\/p>\n<p style=\"text-align: center;\"><a href=\"http:\/\/stephane.weblog.starend.org\/wp-uploads\/stephane\/2011\/03\/colombie_img2787.jpg\"><img decoding=\"async\" loading=\"lazy\" class=\"alignnone size-medium wp-image-135\" title=\"colombie_img2787\" src=\"http:\/\/stephane.weblog.starend.org\/wp-uploads\/stephane\/2011\/03\/colombie_img2787-300x199.jpg\" alt=\"\" width=\"300\" height=\"199\" \/><\/a><\/p>\n<p style=\"text-align: center;\"><a href=\"http:\/\/stephane.weblog.starend.org\/wp-uploads\/stephane\/2011\/03\/colombie_img2790.jpg\"><img decoding=\"async\" loading=\"lazy\" class=\"alignnone size-medium wp-image-136\" title=\"colombie_img2790\" src=\"http:\/\/stephane.weblog.starend.org\/wp-uploads\/stephane\/2011\/03\/colombie_img2790-300x199.jpg\" alt=\"\" width=\"300\" height=\"199\" \/><\/a><\/p>\n<p style=\"text-align: center;\"><a href=\"http:\/\/stephane.weblog.starend.org\/wp-uploads\/stephane\/2011\/03\/colombie_img2796.jpg\"><img decoding=\"async\" loading=\"lazy\" class=\"alignnone size-medium wp-image-137\" title=\"colombie_img2796\" src=\"http:\/\/stephane.weblog.starend.org\/wp-uploads\/stephane\/2011\/03\/colombie_img2796-300x199.jpg\" alt=\"\" width=\"300\" height=\"199\" \/><\/a><\/p>\n<p style=\"text-align: center;\"><a href=\"http:\/\/stephane.weblog.starend.org\/wp-uploads\/stephane\/2011\/03\/colombie_img2797.jpg\"><img decoding=\"async\" loading=\"lazy\" class=\"alignnone size-medium wp-image-138\" title=\"colombie_img2797\" src=\"http:\/\/stephane.weblog.starend.org\/wp-uploads\/stephane\/2011\/03\/colombie_img2797-300x199.jpg\" alt=\"\" width=\"300\" height=\"199\" \/><\/a><\/p>\n<p style=\"text-align: center;\"><a href=\"http:\/\/stephane.weblog.starend.org\/wp-uploads\/stephane\/2011\/03\/colombie_img2809.jpg\"><img decoding=\"async\" loading=\"lazy\" class=\"alignnone size-medium wp-image-139\" title=\"colombie_img2809\" src=\"http:\/\/stephane.weblog.starend.org\/wp-uploads\/stephane\/2011\/03\/colombie_img2809-300x199.jpg\" alt=\"\" width=\"300\" height=\"199\" \/><\/a><\/p>\n","protected":false},"excerpt":{"rendered":"<p>Aujourd&rsquo;hui, nous allons voir des amis de la famille. Ils tiennent une ferme bio qu&rsquo;ils ont du mal \u00e0 rentabiliser. On passe par le march\u00e9 de Villapinzon pour voir. On se balade sur la colline derri\u00e8re la ferme. Le ciel est assez couvert. Difficile pour les photos mais c&rsquo;est l&rsquo;occasion de sortir l&rsquo;ultra grand angle &hellip; <a href=\"http:\/\/stephane.weblog.starend.org\/?p=129\" class=\"more-link\">Continuer la lecture de <span class=\"screen-reader-text\">06\/03\/2011 Villapinzon et alentours<\/span> <span class=\"meta-nav\">&rarr;<\/span><\/a><\/p>\n","protected":false},"author":2,"featured_media":0,"comment_status":"open","ping_status":"open","sticky":false,"template":"","format":"standard","meta":[],"categories":[40,28],"tags":[407],"_links":{"self":[{"href":"http:\/\/stephane.weblog.starend.org\/index.php?rest_route=\/wp\/v2\/posts\/129"}],"collection":[{"href":"http:\/\/stephane.weblog.starend.org\/index.php?rest_route=\/wp\/v2\/posts"}],"about":[{"href":"http:\/\/stephane.weblog.starend.org\/index.php?rest_route=\/wp\/v2\/types\/post"}],"author":[{"embeddable":true,"href":"http:\/\/stephane.weblog.starend.org\/index.php?rest_route=\/wp\/v2\/users\/2"}],"replies":[{"embeddable":true,"href":"http:\/\/stephane.weblog.starend.org\/index.php?rest_route=%2Fwp%2Fv2%2Fcomments&post=129"}],"version-history":[{"count":0,"href":"http:\/\/stephane.weblog.starend.org\/index.php?rest_route=\/wp\/v2\/posts\/129\/revisions"}],"wp:attachment":[{"href":"http:\/\/stephane.weblog.starend.org\/index.php?rest_route=%2Fwp%2Fv2%2Fmedia&parent=129"}],"wp:term":[{"taxonomy":"category","embeddable":true,"href":"http:\/\/stephane.weblog.starend.org\/index.php?rest_route=%2Fwp%2Fv2%2Fcategories&post=129"},{"taxonomy":"post_tag","embeddable":true,"href":"http:\/\/stephane.weblog.starend.org\/index.php?rest_route=%2Fwp%2Fv2%2Ftags&post=129"}],"curies":[{"name":"wp","href":"https:\/\/api.w.org\/{rel}","templated":true}]}}