{"id":119,"date":"2011-03-08T07:07:11","date_gmt":"2011-03-08T05:07:11","guid":{"rendered":"http:\/\/stephane.weblog.starend.org\/?p=119"},"modified":"2011-03-08T07:07:11","modified_gmt":"2011-03-08T05:07:11","slug":"05032011-villapinzon-de-nuit","status":"publish","type":"post","link":"http:\/\/stephane.weblog.starend.org\/?p=119","title":{"rendered":"05\/03\/2011 Villapinzon de nuit"},"content":{"rendered":"<p>Le temps d&rsquo;une petite balade nocturne dans Villapinzon.<\/p>\n<p>A 20h, \u00e7a ne se voit pas trop sur les photos mais il y a beaucoup de gens dehors. L&rsquo;appareil photo attire les regards mais les rues sont sures \u00e0 cette heure dans la vile.<br \/>\n(Photos \u00e0 main lev\u00e9e au 50mm \u00e0 1\/1.4)<\/p>\n<p>Comme \u00e0 Bogota, les fils \u00e9lectriques forment une \u00e9norme toile d&rsquo;araign\u00e9e sur toute la ville.<\/p>\n<p>Diana recroise des gens qu&rsquo;elle connait&#8230; dans un restaurant on nous offre du poulet r\u00f4ti \u00e0 manger avec les doigts. Un r\u00e9gal!<br \/>\nEt quelques bi\u00e8res plus tard on retourne se coucher :-)<!--more--><\/p>\n<p style=\"text-align: center;\"><a href=\"http:\/\/stephane.weblog.starend.org\/wp-uploads\/stephane\/2011\/03\/colombie_img2708.jpg\"><img decoding=\"async\" class=\"alignnone size-medium wp-image-120\" title=\"colombie_img2708\" src=\"http:\/\/stephane.weblog.starend.org\/wp-uploads\/stephane\/2011\/03\/colombie_img2708.jpg\" alt=\"\" \/><\/a><br \/>\nDiana et une de ses voisines.<\/p>\n<p style=\"text-align: center;\"><a href=\"http:\/\/stephane.weblog.starend.org\/wp-uploads\/stephane\/2011\/03\/colombie_img2709.jpg\"><img decoding=\"async\" class=\"alignnone size-medium wp-image-121\" title=\"colombie_img2709\" src=\"http:\/\/stephane.weblog.starend.org\/wp-uploads\/stephane\/2011\/03\/colombie_img2709.jpg\" alt=\"\" \/><\/a><\/p>\n<p style=\"text-align: center;\"><a href=\"http:\/\/stephane.weblog.starend.org\/wp-uploads\/stephane\/2011\/03\/colombie_img2710.jpg\"><img decoding=\"async\" class=\"alignnone size-medium wp-image-122\" title=\"colombie_img2710\" src=\"http:\/\/stephane.weblog.starend.org\/wp-uploads\/stephane\/2011\/03\/colombie_img2710.jpg\" alt=\"\" \/><\/a><\/p>\n<p style=\"text-align: center;\"><a href=\"http:\/\/stephane.weblog.starend.org\/wp-uploads\/stephane\/2011\/03\/colombie_img2711nb.jpg\"><img decoding=\"async\" loading=\"lazy\" class=\"alignnone size-medium wp-image-123\" title=\"colombie_img2711nb\" src=\"http:\/\/stephane.weblog.starend.org\/wp-uploads\/stephane\/2011\/03\/colombie_img2711nb-199x300.jpg\" alt=\"\" width=\"199\" height=\"300\" \/><\/a><br \/>\nEglise de la place principale, n&rsquo;est plus \u00e9clair\u00e9e.<\/p>\n<p style=\"text-align: center;\"><a href=\"http:\/\/stephane.weblog.starend.org\/wp-uploads\/stephane\/2011\/03\/colombie_img2712.jpg\"><img decoding=\"async\" class=\"alignnone size-medium wp-image-124\" title=\"colombie_img2712\" src=\"http:\/\/stephane.weblog.starend.org\/wp-uploads\/stephane\/2011\/03\/colombie_img2712.jpg\" alt=\"\" \/><\/a><\/p>\n<p style=\"text-align: center;\"><a href=\"http:\/\/stephane.weblog.starend.org\/wp-uploads\/stephane\/2011\/03\/colombie_img2713.jpg\"><img decoding=\"async\" class=\"alignnone size-medium wp-image-125\" title=\"colombie_img2713\" src=\"http:\/\/stephane.weblog.starend.org\/wp-uploads\/stephane\/2011\/03\/colombie_img2713.jpg\" alt=\"\" \/><\/a><\/p>\n<p style=\"text-align: center;\"><a href=\"http:\/\/stephane.weblog.starend.org\/wp-uploads\/stephane\/2011\/03\/colombie_img2714.jpg\"><img decoding=\"async\" class=\"alignnone size-medium wp-image-126\" title=\"colombie_img2714\" src=\"http:\/\/stephane.weblog.starend.org\/wp-uploads\/stephane\/2011\/03\/colombie_img2714.jpg\" alt=\"\" \/><\/a><\/p>\n<p style=\"text-align: center;\"><a href=\"http:\/\/stephane.weblog.starend.org\/wp-uploads\/stephane\/2011\/03\/colombie_img2717.jpg\"><img decoding=\"async\" class=\"alignnone size-medium wp-image-127\" title=\"colombie_img2717\" src=\"http:\/\/stephane.weblog.starend.org\/wp-uploads\/stephane\/2011\/03\/colombie_img2717.jpg\" alt=\"\" \/><\/a><br \/>\nClub Colombia :-)<\/p>\n","protected":false},"excerpt":{"rendered":"<p>Le temps d&rsquo;une petite balade nocturne dans Villapinzon. A 20h, \u00e7a ne se voit pas trop sur les photos mais il y a beaucoup de gens dehors. L&rsquo;appareil photo attire les regards mais les rues sont sures \u00e0 cette heure dans la vile. (Photos \u00e0 main lev\u00e9e au 50mm \u00e0 1\/1.4) Comme \u00e0 Bogota, les &hellip; <a href=\"http:\/\/stephane.weblog.starend.org\/?p=119\" class=\"more-link\">Continuer la lecture de <span class=\"screen-reader-text\">05\/03\/2011 Villapinzon de nuit<\/span> <span class=\"meta-nav\">&rarr;<\/span><\/a><\/p>\n","protected":false},"author":2,"featured_media":0,"comment_status":"open","ping_status":"open","sticky":false,"template":"","format":"standard","meta":[],"categories":[40,28],"tags":[407],"_links":{"self":[{"href":"http:\/\/stephane.weblog.starend.org\/index.php?rest_route=\/wp\/v2\/posts\/119"}],"collection":[{"href":"http:\/\/stephane.weblog.starend.org\/index.php?rest_route=\/wp\/v2\/posts"}],"about":[{"href":"http:\/\/stephane.weblog.starend.org\/index.php?rest_route=\/wp\/v2\/types\/post"}],"author":[{"embeddable":true,"href":"http:\/\/stephane.weblog.starend.org\/index.php?rest_route=\/wp\/v2\/users\/2"}],"replies":[{"embeddable":true,"href":"http:\/\/stephane.weblog.starend.org\/index.php?rest_route=%2Fwp%2Fv2%2Fcomments&post=119"}],"version-history":[{"count":0,"href":"http:\/\/stephane.weblog.starend.org\/index.php?rest_route=\/wp\/v2\/posts\/119\/revisions"}],"wp:attachment":[{"href":"http:\/\/stephane.weblog.starend.org\/index.php?rest_route=%2Fwp%2Fv2%2Fmedia&parent=119"}],"wp:term":[{"taxonomy":"category","embeddable":true,"href":"http:\/\/stephane.weblog.starend.org\/index.php?rest_route=%2Fwp%2Fv2%2Fcategories&post=119"},{"taxonomy":"post_tag","embeddable":true,"href":"http:\/\/stephane.weblog.starend.org\/index.php?rest_route=%2Fwp%2Fv2%2Ftags&post=119"}],"curies":[{"name":"wp","href":"https:\/\/api.w.org\/{rel}","templated":true}]}}