{"id":1076,"date":"2013-07-13T12:21:47","date_gmt":"2013-07-13T10:21:47","guid":{"rendered":"http:\/\/stephane.weblog.starend.org\/?p=1076"},"modified":"2013-07-13T12:21:47","modified_gmt":"2013-07-13T10:21:47","slug":"128m-pour-debian-7","status":"publish","type":"post","link":"http:\/\/stephane.weblog.starend.org\/?p=1076","title":{"rendered":"128M pour Debian 7"},"content":{"rendered":"<p style=\"text-align: justify;\">Je ressors des cartons une vieille machine. Jugez plut\u00f4t :<\/p>\n<ul>\n<li>Marque : Fujitsu-Siemens<\/li>\n<li>Mod\u00e8le : Lifebook B series (B-2175) <a title=\"http:\/\/www.cnet.com\/laptops\/fujitsu-lifebook-b2175-c\/4505-3121_7-30532505.html\" href=\"http:\/\/www.cnet.com\/laptops\/fujitsu-lifebook-b2175-c\/4505-3121_7-30532505.html\" target=\"_blank\">ref<\/a><\/li>\n<li>CPU : Intel Celeron 500MHz<\/li>\n<li>RAM : 128Mo<\/li>\n<li>Disque : 30Go (pas d&rsquo;origine)<\/li>\n<li>\u00c9cran : 800&#215;600 tactile<\/li>\n<\/ul>\n<p style=\"text-align: justify;\">Cette toute petite machine par sa taille et ses performances dispose d&rsquo;un \u00e9cran tactile. Bon, \u00e0 cette \u00e9poque l\u00e0, c&rsquo;\u00e9tait la pr\u00e9-histoire du tactile&#8230; Mais \u00e7a marche encore.<\/p>\n<p style=\"text-align: justify;\">Je d\u00e9cide de lui installer une belle <em>Debian<\/em> toute neuve, la version <em>7.0.0 i386<\/em>.<\/p>\n<p style=\"text-align: justify;\">Faute de lecteur CD amor\u00e7able, \u00e7a n&rsquo;existait pas encore pour toutes les machines \u00e0 cette lointaine \u00e9poque, j&rsquo;ai du pr\u00e9-installer la Debian sur le disque sur une autre machine. Une fois le disque remis en place, \u00e7a d\u00e9marre !!!<\/p>\n<p style=\"text-align: justify;\">Le noyau install\u00e9 est le <em>Linux 3.2.0-4-486<\/em>. Ce noyau \u00e0 jour supporte pleinement <em>IPv6<\/em> par exemple :-)<\/p>\n<p style=\"text-align: justify;\">Apr\u00e8s un compl\u00e9ment d&rsquo;installation pour avoir <em>WindowsMaker<\/em>, <em>VLC<\/em>, <em>Slim<\/em> et <em>Firefox<\/em>, tout semble fonctionner en graphique. Firefox est un poil lent&#8230; mais il tourne quand m\u00eame!<\/p>\n<p style=\"text-align: justify;\">L&rsquo;\u00e9cran tactile est nativement pris en compte. Il marche mais manque d&rsquo;\u00eatre correctement ajust\u00e9. Il va me falloir retrouver comment je faisais \u00e7a \u00e0 l&rsquo;\u00e9poque. Et oui, \u00e7a marchait d\u00e9j\u00e0 \u00e0 l&rsquo;\u00e9poque via <em>evdev<\/em> mais il fallait le calibrer.<\/p>\n<p style=\"text-align: justify;\">Le r\u00e9sultat :<\/p>\n<p style=\"text-align: center;\"><a href=\"\/wp-content\/uploads\/stephane\/2013\/07\/img_8301.jpg\"><img decoding=\"async\" loading=\"lazy\" class=\"alignnone size-medium wp-image-1081\" title=\"img_8301\" src=\"\/wp-content\/uploads\/stephane\/2013\/07\/img_8301-286x300.jpg\" alt=\"\" width=\"286\" height=\"300\" \/><\/a><\/p>\n","protected":false},"excerpt":{"rendered":"<p>Je ressors des cartons une vieille machine. Jugez plut\u00f4t : Marque : Fujitsu-Siemens Mod\u00e8le : Lifebook B series (B-2175) ref CPU : Intel Celeron 500MHz RAM : 128Mo Disque : 30Go (pas d&rsquo;origine) \u00c9cran : 800&#215;600 tactile Cette toute petite machine par sa taille et ses performances dispose d&rsquo;un \u00e9cran tactile. Bon, \u00e0 cette \u00e9poque &hellip; <a href=\"http:\/\/stephane.weblog.starend.org\/?p=1076\" class=\"more-link\">Continuer la lecture de <span class=\"screen-reader-text\">128M pour Debian 7<\/span> <span class=\"meta-nav\">&rarr;<\/span><\/a><\/p>\n","protected":false},"author":2,"featured_media":0,"comment_status":"open","ping_status":"open","sticky":false,"template":"","format":"standard","meta":[],"categories":[43,10,11],"tags":[55,62,88,89,110,168,185,237,241],"_links":{"self":[{"href":"http:\/\/stephane.weblog.starend.org\/index.php?rest_route=\/wp\/v2\/posts\/1076"}],"collection":[{"href":"http:\/\/stephane.weblog.starend.org\/index.php?rest_route=\/wp\/v2\/posts"}],"about":[{"href":"http:\/\/stephane.weblog.starend.org\/index.php?rest_route=\/wp\/v2\/types\/post"}],"author":[{"embeddable":true,"href":"http:\/\/stephane.weblog.starend.org\/index.php?rest_route=\/wp\/v2\/users\/2"}],"replies":[{"embeddable":true,"href":"http:\/\/stephane.weblog.starend.org\/index.php?rest_route=%2Fwp%2Fv2%2Fcomments&post=1076"}],"version-history":[{"count":0,"href":"http:\/\/stephane.weblog.starend.org\/index.php?rest_route=\/wp\/v2\/posts\/1076\/revisions"}],"wp:attachment":[{"href":"http:\/\/stephane.weblog.starend.org\/index.php?rest_route=%2Fwp%2Fv2%2Fmedia&parent=1076"}],"wp:term":[{"taxonomy":"category","embeddable":true,"href":"http:\/\/stephane.weblog.starend.org\/index.php?rest_route=%2Fwp%2Fv2%2Fcategories&post=1076"},{"taxonomy":"post_tag","embeddable":true,"href":"http:\/\/stephane.weblog.starend.org\/index.php?rest_route=%2Fwp%2Fv2%2Ftags&post=1076"}],"curies":[{"name":"wp","href":"https:\/\/api.w.org\/{rel}","templated":true}]}}